{"id":12754,"date":"2026-09-04T07:20:00","date_gmt":"2026-09-04T10:20:00","guid":{"rendered":"https:\/\/www.madriproducoes.com.br\/portal\/?p=12754"},"modified":"2026-09-02T17:33:48","modified_gmt":"2026-09-02T20:33:48","slug":"acessibilidade-digital-setor-publico-tcu-mpf-gestores","status":"publish","type":"post","link":"https:\/\/www.madriproducoes.com.br\/portal\/acessibilidade-digital-setor-publico-tcu-mpf-gestores\/","title":{"rendered":"Acessibilidade digital no setor p\u00fablico: o que o TCU auditou, o que o MPF exige e o que gestores de sistemas precisam fazer agora"},"content":{"rendered":"\n<figure class=\"wp-block-image size-full\"><img fetchpriority=\"high\" decoding=\"async\" width=\"782\" height=\"386\" src=\"https:\/\/www.madriproducoes.com.br\/portal\/wp-content\/uploads\/2026\/09\/acessibildiade-digital-no-setor-publico-2.jpg\" alt=\"\" class=\"wp-image-12760\" srcset=\"https:\/\/www.madriproducoes.com.br\/portal\/wp-content\/uploads\/2026\/09\/acessibildiade-digital-no-setor-publico-2.jpg 782w, https:\/\/www.madriproducoes.com.br\/portal\/wp-content\/uploads\/2026\/09\/acessibildiade-digital-no-setor-publico-2-300x148.jpg 300w, https:\/\/www.madriproducoes.com.br\/portal\/wp-content\/uploads\/2026\/09\/acessibildiade-digital-no-setor-publico-2-768x379.jpg 768w\" sizes=\"(max-width: 782px) 100vw, 782px\" \/><\/figure>\n\n\n\n<p class=\"wp-block-paragraph\">O Tribunal de Contas da Uni\u00e3o publicou o Ac\u00f3rd\u00e3o 2.099\/2025-TCU-Plen\u00e1rio com um resultado direto: 88% dos \u00f3rg\u00e3os federais avaliados obtiveram pontua\u00e7\u00e3o abaixo de 5 em acessibilidade digital, e 88,5% foram classificados como &#8220;deficientes&#8221;. N\u00e3o \u00e9 uma avalia\u00e7\u00e3o qualitativa. \u00c9 um achado de auditoria formal sobre 288 organiza\u00e7\u00f5es do setor p\u00fablico federal, abrangendo portais web, aplicativos m\u00f3veis e servi\u00e7os p\u00fablicos digitais.<\/p>\n\n\n\n<h2 class=\"wp-block-heading\">O que o Ac\u00f3rd\u00e3o 2.099\/2025-TCU-Plen\u00e1rio revelou<\/h2>\n\n\n\n<p class=\"wp-block-paragraph\">A fiscaliza\u00e7\u00e3o avaliou o n\u00edvel de ado\u00e7\u00e3o de boas pr\u00e1ticas de acessibilidade digital no setor p\u00fablico federal, considerando tanto a qualidade t\u00e9cnica das solu\u00e7\u00f5es quanto o grau de maturidade organizacional das institui\u00e7\u00f5es. O resultado: apenas 31% dos \u00f3rg\u00e3os seguem as diretrizes internacionais de acessibilidade digital. Menos de 2% dos portais avaliados alcan\u00e7aram desempenho &#8220;regular&#8221; ou superior.<\/p>\n\n\n\n<p class=\"wp-block-paragraph\"><strong>O TCU avaliou tamb\u00e9m quatro servi\u00e7os digitais espec\u00edficos: Meu SUS Digital, Benef\u00edcio de Presta\u00e7\u00e3o Continuada do INSS, Enem e Registro de Ocorr\u00eancia Policial Online. Todos apresentaram limita\u00e7\u00f5es relevantes de acessibilidade.<\/strong><\/p>\n\n\n\n<p class=\"wp-block-paragraph\">Entre os problemas mais recorrentes est\u00e3o imagens sem texto alternativo, formul\u00e1rios sem r\u00f3tulos adequados, navega\u00e7\u00e3o por teclado bloqueada, contraste insuficiente entre texto e fundo, e aus\u00eancia de declara\u00e7\u00e3o de idioma da p\u00e1gina. Esses itens existem ou n\u00e3o existem no c\u00f3digo, independentemente de qualquer ajuste visual feito na interface administrativa.<\/p>\n\n\n\n<h2 class=\"wp-block-heading\">O que o MPF exige e os prazos em andamento<\/h2>\n\n\n\n<p class=\"wp-block-paragraph\">Na sequ\u00eancia da auditoria, o Minist\u00e9rio P\u00fablico Federal ajuizou a\u00e7\u00e3o civil p\u00fablica exigindo que a Uni\u00e3o regulamente o Artigo 63 da Lei Brasileira de Inclus\u00e3o, a Lei 13.146\/2015, em at\u00e9 60 dias, e apresente um plano de transi\u00e7\u00e3o para adequa\u00e7\u00e3o dos sites federais em at\u00e9 120 dias. A a\u00e7\u00e3o detalha que o artigo existe h\u00e1 mais de dez anos sem que o governo federal tenha editado um ato normativo estabelecendo os par\u00e2metros t\u00e9cnicos obrigat\u00f3rios para o seu cumprimento.<\/p>\n\n\n\n<p class=\"wp-block-paragraph\">Em julho de 2026, a Justi\u00e7a Federal determinou que a Uni\u00e3o apresente o plano de acessibilidade em at\u00e9 180 dias. O prazo est\u00e1 correndo.<\/p>\n\n\n\n<p class=\"wp-block-paragraph\"><strong>O Artigo 63 da LBI torna obrigat\u00f3ria a acessibilidade em sites de empresas com sede ou representa\u00e7\u00e3o comercial no pa\u00eds e em \u00f3rg\u00e3os p\u00fablicos. A obriga\u00e7\u00e3o n\u00e3o \u00e9 nova. O que falta \u00e9 regulamenta\u00e7\u00e3o com par\u00e2metros t\u00e9cnicos definidos e consequ\u00eancias para o descumprimento.<\/strong><\/p>\n\n\n\n<h2 class=\"wp-block-heading\">O padr\u00e3o t\u00e9cnico de refer\u00eancia: e-MAG, WCAG 2.2 e ABNT NBR 17225:2025<\/h2>\n\n\n\n<p class=\"wp-block-paragraph\">Para o setor p\u00fablico, o padr\u00e3o t\u00e9cnico de refer\u00eancia \u00e9 o e-MAG, o Modelo de Acessibilidade em Governo Eletr\u00f4nico. O e-MAG est\u00e1 alinhado \u00e0s WCAG 2.2, as diretrizes internacionais de acessibilidade para conte\u00fado web mantidas pelo W3C.<\/p>\n\n\n\n<p class=\"wp-block-paragraph\">Em 11 de mar\u00e7o de 2025, a ABNT publicou a norma t\u00e9cnica NBR 17225:2025, que formaliza no Brasil os requisitos de acessibilidade em conte\u00fado e aplica\u00e7\u00f5es web. A norma cont\u00e9m 146 diretrizes em 79 p\u00e1ginas, inteiramente baseadas nas WCAG 2.2. O MPF citou explicitamente a ABNT NBR 17225:2025 como o referencial t\u00e9cnico j\u00e1 dispon\u00edvel e aguardando regulamenta\u00e7\u00e3o com consequ\u00eancias definidas.<\/p>\n\n\n\n<blockquote class=\"wp-block-quote is-layout-flow wp-block-quote-is-layout-flow\">\n<p class=\"wp-block-paragraph\">A conformidade regular exige atendimento aos crit\u00e9rios dos n\u00edveis A e AA das WCAG 2.2. A conformidade plena incorpora todos os crit\u00e9rios da norma, incluindo o n\u00edvel AAA.<\/p>\n<\/blockquote>\n\n\n\n<h2 class=\"wp-block-heading\">Por onde come\u00e7ar a adequa\u00e7\u00e3o<\/h2>\n\n\n\n<p class=\"wp-block-paragraph\">O problema pr\u00e1tico para quem gerencia um portal ou sistema governamental \u00e9 que a maioria das equipes sabe que a obriga\u00e7\u00e3o existe, mas n\u00e3o sabe com precis\u00e3o onde o seu site falha. Sem um diagn\u00f3stico t\u00e9cnico documentado, o planejamento de adequa\u00e7\u00e3o parte do zero sem refer\u00eancia objetiva.<\/p>\n\n\n\n<p class=\"wp-block-paragraph\">O caminho mais direto \u00e9 come\u00e7ar pela varredura automatizada. Um scanner de acessibilidade analisa o site em navegador real, incluindo p\u00e1ginas autenticadas de sistemas restritos, e entrega cada ocorr\u00eancia com a gravidade e o caminho para corrigir. Para gestores que precisam documentar o estado atual do ambiente antes de iniciar um plano de adequa\u00e7\u00e3o, o relat\u00f3rio gerado serve como registro de ponto de partida com data.<\/p>\n\n\n\n<p class=\"wp-block-paragraph\"><strong>Essa documenta\u00e7\u00e3o \u00e9 especialmente relevante no contexto atual, em que prazos judiciais e normativos est\u00e3o definidos e o hist\u00f3rico de iniciativas pode fazer diferen\u00e7a em processos de fiscaliza\u00e7\u00e3o.<\/strong><\/p>\n\n\n\n<p class=\"wp-block-paragraph\">Para aprofundar o tema t\u00e9cnico, vale consultar o material sobre <a href=\"https:\/\/www.madriproducoes.com.br\/portal\/abnt-nbr-17225-2025-norma-acessibilidade-digital-requisitos-pratica\/\" target=\"_blank\" rel=\"noopener\">ABNT NBR 17225:2025 e o que ela exige na pr\u00e1tica<\/a> e sobre <a href=\"https:\/\/www.madriproducoes.com.br\/portal\/scanner-acessibilidade-digital-o-que-encontra-guia-gestores-sites\/\" target=\"_blank\" rel=\"noopener\">o que o scanner de acessibilidade encontra que a revis\u00e3o visual n\u00e3o v\u00ea<\/a>.<\/p>\n\n\n\n<h2 class=\"wp-block-heading\">Conclus\u00e3o<\/h2>\n\n\n\n<p class=\"wp-block-paragraph\">O Ac\u00f3rd\u00e3o 2.099\/2025 do TCU, a a\u00e7\u00e3o civil p\u00fablica do MPF e a publica\u00e7\u00e3o da ABNT NBR 17225:2025 formam um contexto normativo e judicial que deixa pouco espa\u00e7o para posterga\u00e7\u00e3o. O diagn\u00f3stico de acessibilidade, antes tratado como iniciativa de boa vontade, passou a ter implica\u00e7\u00f5es diretas de conformidade legal. Para gestores de portais e sistemas do setor p\u00fablico, o primeiro passo \u00e9 saber onde o ambiente atual falha.<\/p>\n\n\n\n<h2 class=\"wp-block-heading\">Perguntas frequentes<\/h2>\n\n\n\n<p class=\"wp-block-paragraph\"><strong>O que \u00e9 o e-MAG?<\/strong><br>O e-MAG, Modelo de Acessibilidade em Governo Eletr\u00f4nico, \u00e9 o padr\u00e3o t\u00e9cnico de refer\u00eancia para sites e sistemas do governo federal brasileiro. Est\u00e1 alinhado \u00e0s WCAG 2.2 e serve como guia para adequa\u00e7\u00e3o dos portais p\u00fablicos ao Artigo 63 da Lei Brasileira de Inclus\u00e3o.<\/p>\n\n\n\n<p class=\"wp-block-paragraph\"><strong>O Artigo 63 da LBI j\u00e1 est\u00e1 em vigor?<\/strong><br>Sim. O Artigo 63 da Lei 13.146\/2015 est\u00e1 em vigor desde 2015. O que ainda n\u00e3o foi editado \u00e9 o ato normativo regulamentador que define os par\u00e2metros t\u00e9cnicos e as consequ\u00eancias para o descumprimento. Esse \u00e9 exatamente o ponto exigido pelo MPF na a\u00e7\u00e3o civil p\u00fablica ajuizada em 2025.<\/p>\n\n\n\n<p class=\"wp-block-paragraph\"><strong>A ABNT NBR 17225:2025 substitui as WCAG 2.2?<\/strong><br>N\u00e3o. A ABNT NBR 17225:2025 \u00e9 inteiramente baseada nas WCAG 2.2. Quem j\u00e1 adota as WCAG 2.2 atende aos crit\u00e9rios da norma brasileira. A NBR 17225 formaliza esse referencial dentro do sistema normativo da ABNT e facilita sua exig\u00eancia em contratos e processos de fiscaliza\u00e7\u00e3o no Brasil.<\/p>\n\n\n\n<p class=\"wp-block-paragraph\"><strong>Por que o scanner de acessibilidade \u00e9 o primeiro passo recomendado?<\/strong><br>Porque sem um diagn\u00f3stico t\u00e9cnico documentado, qualquer plano de adequa\u00e7\u00e3o parte sem refer\u00eancia objetiva. O scanner gera um relat\u00f3rio com data, listando cada ocorr\u00eancia por gravidade e localiza\u00e7\u00e3o no c\u00f3digo. Esse relat\u00f3rio serve tanto para orientar a equipe t\u00e9cnica quanto para documentar o estado do ambiente antes do in\u00edcio das corre\u00e7\u00f5es.<\/p>\n\n\n\n<div style=\"background:#eef4ff;border-left:4px solid #2563eb;padding:24px 28px;margin:40px 0;border-radius:0 8px 8px 0;\">\n<p style=\"margin:0 0 6px 0;font-size:1.05em;font-weight:700;\">MLab Acessibilidade:<\/p>\n<p style=\"margin:0 0 18px 0;line-height:1.6;\">Adicione um painel completo de recursos ao seu site e um scanner que varre cada p\u00e1gina apontando o que precisa melhorar. Funciona em qualquer aplica\u00e7\u00e3o web: WordPress, Moodle, Drupal, Joomla, Wix, HTML.<\/p>\n<p><a href=\"https:\/\/app.moobox.com.br\/\" target=\"_blank\" rel=\"noopener\" style=\"display:inline-block;background:#2563eb;color:#ffffff;padding:11px 22px;border-radius:6px;text-decoration:none;font-weight:600;font-size:0.97em;\">Conhecer o MLab Acessibilidade<\/a><\/p><\/div>\n","protected":false},"excerpt":{"rendered":"<p>O Ac\u00f3rd\u00e3o 2.099\/2025-TCU-Plen\u00e1rio revelou que 88,5% dos \u00f3rg\u00e3os federais t\u00eam sites classificados como deficientes em acessibilidade digital. O MPF ajuizou a\u00e7\u00e3o civil p\u00fablica exigindo regulamenta\u00e7\u00e3o do Artigo 63 da LBI. Entenda o contexto normativo, os prazos em andamento e por onde come\u00e7ar a adequa\u00e7\u00e3o.<\/p>\n","protected":false},"author":1,"featured_media":12760,"comment_status":"closed","ping_status":"closed","sticky":false,"template":"","format":"standard","meta":{"footnotes":""},"categories":[373,8,43],"tags":[548,564,551,609,608,610],"class_list":["post-12754","post","type-post","status-publish","format-standard","has-post-thumbnail","hentry","category-acessibilidade","category-artigos","category-noticias-ead","tag-acessibilidade-digital","tag-e-mag","tag-lbi","tag-mpf","tag-tcu","tag-wcag-2-2"],"yoast_head":"<!-- This site is optimized with the Yoast SEO plugin v28.3 - https:\/\/yoast.com\/product\/yoast-seo-wordpress\/ -->\n<title>Acessibilidade digital no setor p\u00fablico: o que o TCU auditou, o que o MPF exige e o que gestores de sistemas precisam fazer agora - Madri Lab<\/title>\n<meta name=\"robots\" content=\"index, follow, max-snippet:-1, max-image-preview:large, max-video-preview:-1\" \/>\n<link rel=\"canonical\" href=\"https:\/\/www.madriproducoes.com.br\/portal\/acessibilidade-digital-setor-publico-tcu-mpf-gestores\/\" \/>\n<meta property=\"og:locale\" content=\"pt_BR\" \/>\n<meta property=\"og:type\" content=\"article\" \/>\n<meta property=\"og:title\" content=\"Acessibilidade digital no setor p\u00fablico: o que o TCU auditou, o que o MPF exige e o que gestores de sistemas precisam fazer agora - Madri Lab\" \/>\n<meta property=\"og:description\" content=\"O Ac\u00f3rd\u00e3o 2.099\/2025-TCU-Plen\u00e1rio revelou que 88,5% dos \u00f3rg\u00e3os federais t\u00eam sites classificados como deficientes em acessibilidade digital. O MPF ajuizou a\u00e7\u00e3o civil p\u00fablica exigindo regulamenta\u00e7\u00e3o do Artigo 63 da LBI. Entenda o contexto normativo, os prazos em andamento e por onde come\u00e7ar a adequa\u00e7\u00e3o.\" \/>\n<meta property=\"og:url\" content=\"https:\/\/www.madriproducoes.com.br\/portal\/acessibilidade-digital-setor-publico-tcu-mpf-gestores\/\" \/>\n<meta property=\"og:site_name\" content=\"Madri Lab\" \/>\n<meta property=\"article:published_time\" content=\"2026-09-04T10:20:00+00:00\" \/>\n<meta property=\"og:image\" content=\"https:\/\/www.madriproducoes.com.br\/portal\/wp-content\/uploads\/2026\/09\/acessibildiade-digital-no-setor-publico-2.jpg\" \/>\n\t<meta property=\"og:image:width\" content=\"782\" \/>\n\t<meta property=\"og:image:height\" content=\"386\" \/>\n\t<meta property=\"og:image:type\" content=\"image\/jpeg\" \/>\n<meta name=\"author\" content=\"MadriLab\" \/>\n<meta name=\"twitter:card\" content=\"summary_large_image\" \/>\n<meta name=\"twitter:label1\" content=\"Escrito por\" \/>\n\t<meta name=\"twitter:data1\" content=\"MadriLab\" \/>\n\t<meta name=\"twitter:label2\" content=\"Est. tempo de leitura\" \/>\n\t<meta name=\"twitter:data2\" content=\"6 minutos\" \/>\n<!-- \/ Yoast SEO plugin. -->","yoast_head_json":{"title":"Acessibilidade digital no setor p\u00fablico: o que o TCU auditou, o que o MPF exige e o que gestores de sistemas precisam fazer agora - Madri Lab","robots":{"index":"index","follow":"follow","max-snippet":"max-snippet:-1","max-image-preview":"max-image-preview:large","max-video-preview":"max-video-preview:-1"},"canonical":"https:\/\/www.madriproducoes.com.br\/portal\/acessibilidade-digital-setor-publico-tcu-mpf-gestores\/","og_locale":"pt_BR","og_type":"article","og_title":"Acessibilidade digital no setor p\u00fablico: o que o TCU auditou, o que o MPF exige e o que gestores de sistemas precisam fazer agora - Madri Lab","og_description":"O Ac\u00f3rd\u00e3o 2.099\/2025-TCU-Plen\u00e1rio revelou que 88,5% dos \u00f3rg\u00e3os federais t\u00eam sites classificados como deficientes em acessibilidade digital. O MPF ajuizou a\u00e7\u00e3o civil p\u00fablica exigindo regulamenta\u00e7\u00e3o do Artigo 63 da LBI. Entenda o contexto normativo, os prazos em andamento e por onde come\u00e7ar a adequa\u00e7\u00e3o.","og_url":"https:\/\/www.madriproducoes.com.br\/portal\/acessibilidade-digital-setor-publico-tcu-mpf-gestores\/","og_site_name":"Madri Lab","article_published_time":"2026-09-04T10:20:00+00:00","og_image":[{"width":782,"height":386,"url":"https:\/\/www.madriproducoes.com.br\/portal\/wp-content\/uploads\/2026\/09\/acessibildiade-digital-no-setor-publico-2.jpg","type":"image\/jpeg"}],"author":"MadriLab","twitter_card":"summary_large_image","twitter_misc":{"Escrito por":"MadriLab","Est. tempo de leitura":"6 minutos"},"schema":{"@context":"https:\/\/schema.org","@graph":[{"@type":"Article","@id":"https:\/\/www.madriproducoes.com.br\/portal\/acessibilidade-digital-setor-publico-tcu-mpf-gestores\/#article","isPartOf":{"@id":"https:\/\/www.madriproducoes.com.br\/portal\/acessibilidade-digital-setor-publico-tcu-mpf-gestores\/"},"author":{"name":"MadriLab","@id":"https:\/\/www.madriproducoes.com.br\/portal\/#\/schema\/person\/31127f9a6596a95cc368eaa0765d773e"},"headline":"Acessibilidade digital no setor p\u00fablico: o que o TCU auditou, o que o MPF exige e o que gestores de sistemas precisam fazer agora","datePublished":"2026-09-04T10:20:00+00:00","mainEntityOfPage":{"@id":"https:\/\/www.madriproducoes.com.br\/portal\/acessibilidade-digital-setor-publico-tcu-mpf-gestores\/"},"wordCount":1135,"publisher":{"@id":"https:\/\/www.madriproducoes.com.br\/portal\/#organization"},"image":{"@id":"https:\/\/www.madriproducoes.com.br\/portal\/acessibilidade-digital-setor-publico-tcu-mpf-gestores\/#primaryimage"},"thumbnailUrl":"https:\/\/www.madriproducoes.com.br\/portal\/wp-content\/uploads\/2026\/09\/acessibildiade-digital-no-setor-publico-2.jpg","keywords":["acessibilidade digital","e-MAG","LBI","MPF","TCU","WCAG 2.2"],"articleSection":["Acessibilidade","artigos","noticias EAD"],"inLanguage":"pt-BR"},{"@type":"WebPage","@id":"https:\/\/www.madriproducoes.com.br\/portal\/acessibilidade-digital-setor-publico-tcu-mpf-gestores\/","url":"https:\/\/www.madriproducoes.com.br\/portal\/acessibilidade-digital-setor-publico-tcu-mpf-gestores\/","name":"Acessibilidade digital no setor p\u00fablico: o que o TCU auditou, o que o MPF exige e o que gestores de sistemas precisam fazer agora - Madri Lab","isPartOf":{"@id":"https:\/\/www.madriproducoes.com.br\/portal\/#website"},"primaryImageOfPage":{"@id":"https:\/\/www.madriproducoes.com.br\/portal\/acessibilidade-digital-setor-publico-tcu-mpf-gestores\/#primaryimage"},"image":{"@id":"https:\/\/www.madriproducoes.com.br\/portal\/acessibilidade-digital-setor-publico-tcu-mpf-gestores\/#primaryimage"},"thumbnailUrl":"https:\/\/www.madriproducoes.com.br\/portal\/wp-content\/uploads\/2026\/09\/acessibildiade-digital-no-setor-publico-2.jpg","datePublished":"2026-09-04T10:20:00+00:00","breadcrumb":{"@id":"https:\/\/www.madriproducoes.com.br\/portal\/acessibilidade-digital-setor-publico-tcu-mpf-gestores\/#breadcrumb"},"inLanguage":"pt-BR","potentialAction":[{"@type":"ReadAction","target":["https:\/\/www.madriproducoes.com.br\/portal\/acessibilidade-digital-setor-publico-tcu-mpf-gestores\/"]}]},{"@type":"ImageObject","inLanguage":"pt-BR","@id":"https:\/\/www.madriproducoes.com.br\/portal\/acessibilidade-digital-setor-publico-tcu-mpf-gestores\/#primaryimage","url":"https:\/\/www.madriproducoes.com.br\/portal\/wp-content\/uploads\/2026\/09\/acessibildiade-digital-no-setor-publico-2.jpg","contentUrl":"https:\/\/www.madriproducoes.com.br\/portal\/wp-content\/uploads\/2026\/09\/acessibildiade-digital-no-setor-publico-2.jpg","width":782,"height":386},{"@type":"BreadcrumbList","@id":"https:\/\/www.madriproducoes.com.br\/portal\/acessibilidade-digital-setor-publico-tcu-mpf-gestores\/#breadcrumb","itemListElement":[{"@type":"ListItem","position":1,"name":"In\u00edcio","item":"https:\/\/www.madriproducoes.com.br\/portal\/"},{"@type":"ListItem","position":2,"name":"Acessibilidade digital no setor p\u00fablico: o que o TCU auditou, o que o MPF exige e o que gestores de sistemas precisam fazer agora"}]},{"@type":"WebSite","@id":"https:\/\/www.madriproducoes.com.br\/portal\/#website","url":"https:\/\/www.madriproducoes.com.br\/portal\/","name":"Madri Lab","description":"&quot;Descubra a Madriprodu\u00e7\u00f5es: especialistas em criar eventos inesquec\u00edveis! Oferecemos solu\u00e7\u00f5es completas em produ\u00e7\u00e3o audiovisual, gest\u00e3o de eventos e conte\u00fados digitais para transformar sua ideia em realidade. Confira nossos servi\u00e7os!","publisher":{"@id":"https:\/\/www.madriproducoes.com.br\/portal\/#organization"},"potentialAction":[{"@type":"SearchAction","target":{"@type":"EntryPoint","urlTemplate":"https:\/\/www.madriproducoes.com.br\/portal\/?s={search_term_string}"},"query-input":{"@type":"PropertyValueSpecification","valueRequired":true,"valueName":"search_term_string"}}],"inLanguage":"pt-BR"},{"@type":"Organization","@id":"https:\/\/www.madriproducoes.com.br\/portal\/#organization","name":"Madri Lab","url":"https:\/\/www.madriproducoes.com.br\/portal\/","logo":{"@type":"ImageObject","inLanguage":"pt-BR","@id":"https:\/\/www.madriproducoes.com.br\/portal\/#\/schema\/logo\/image\/","url":"https:\/\/www.madriproducoes.com.br\/portal\/wp-content\/uploads\/2023\/11\/logotipo-header.png","contentUrl":"https:\/\/www.madriproducoes.com.br\/portal\/wp-content\/uploads\/2023\/11\/logotipo-header.png","width":160,"height":92,"caption":"Madri Lab"},"image":{"@id":"https:\/\/www.madriproducoes.com.br\/portal\/#\/schema\/logo\/image\/"}},{"@type":"Person","@id":"https:\/\/www.madriproducoes.com.br\/portal\/#\/schema\/person\/31127f9a6596a95cc368eaa0765d773e","name":"MadriLab","image":{"@type":"ImageObject","inLanguage":"pt-BR","@id":"https:\/\/secure.gravatar.com\/avatar\/7dcb7b11b7c3a0a6fafe33db0962a46d2a1eb0da6aed51e0150ba2ca34404143?s=96&d=mm&r=g","url":"https:\/\/secure.gravatar.com\/avatar\/7dcb7b11b7c3a0a6fafe33db0962a46d2a1eb0da6aed51e0150ba2ca34404143?s=96&d=mm&r=g","contentUrl":"https:\/\/secure.gravatar.com\/avatar\/7dcb7b11b7c3a0a6fafe33db0962a46d2a1eb0da6aed51e0150ba2ca34404143?s=96&d=mm&r=g","caption":"MadriLab"},"sameAs":["https:\/\/www.madriproducoes.com.br\/portal"],"url":"https:\/\/www.madriproducoes.com.br\/portal\/author\/madrilab\/"}]}},"_links":{"self":[{"href":"https:\/\/www.madriproducoes.com.br\/portal\/wp-json\/wp\/v2\/posts\/12754","targetHints":{"allow":["GET"]}}],"collection":[{"href":"https:\/\/www.madriproducoes.com.br\/portal\/wp-json\/wp\/v2\/posts"}],"about":[{"href":"https:\/\/www.madriproducoes.com.br\/portal\/wp-json\/wp\/v2\/types\/post"}],"author":[{"embeddable":true,"href":"https:\/\/www.madriproducoes.com.br\/portal\/wp-json\/wp\/v2\/users\/1"}],"replies":[{"embeddable":true,"href":"https:\/\/www.madriproducoes.com.br\/portal\/wp-json\/wp\/v2\/comments?post=12754"}],"version-history":[{"count":2,"href":"https:\/\/www.madriproducoes.com.br\/portal\/wp-json\/wp\/v2\/posts\/12754\/revisions"}],"predecessor-version":[{"id":12761,"href":"https:\/\/www.madriproducoes.com.br\/portal\/wp-json\/wp\/v2\/posts\/12754\/revisions\/12761"}],"wp:featuredmedia":[{"embeddable":true,"href":"https:\/\/www.madriproducoes.com.br\/portal\/wp-json\/wp\/v2\/media\/12760"}],"wp:attachment":[{"href":"https:\/\/www.madriproducoes.com.br\/portal\/wp-json\/wp\/v2\/media?parent=12754"}],"wp:term":[{"taxonomy":"category","embeddable":true,"href":"https:\/\/www.madriproducoes.com.br\/portal\/wp-json\/wp\/v2\/categories?post=12754"},{"taxonomy":"post_tag","embeddable":true,"href":"https:\/\/www.madriproducoes.com.br\/portal\/wp-json\/wp\/v2\/tags?post=12754"}],"curies":[{"name":"wp","href":"https:\/\/api.w.org\/{rel}","templated":true}]}}